{"id":1705,"date":"2022-01-12T19:56:23","date_gmt":"2022-01-12T16:56:23","guid":{"rendered":"http:\/\/umrah.es\/es\/?p=1705"},"modified":"2022-01-12T20:00:34","modified_gmt":"2022-01-12T17:00:34","slug":"umrah-desde-espana","status":"publish","type":"post","link":"https:\/\/umrah.es\/es\/umrah-desde-espana\/","title":{"rendered":"Umrah desde Espa\u00f1a con ni\u00f1os 1\/2"},"content":{"rendered":"\n<h2 class=\"wp-block-heading\">Umrah desde Espa\u00f1a<\/h2>\n\n\n\n<p>Umrah desde Espa\u00f1a: Salimos desde Ceuta con nuestras dos hijas hacia Madrid para empezar nuestro maravilloso viaje de <a href=\"https:\/\/es.wikipedia.org\/wiki\/Umrah\" target=\"_blank\" rel=\"noreferrer noopener\">umrah<\/a> desde ah\u00ed ya que la aerol\u00ednea saudita se encuentra solamente en Madrid (Para viajes de Hajj y Umrah), llegamos al aeropuerto Adolfo Su\u00e1rez (Terminal 1 Salidas) y ah\u00ed hemos encontrado a los agentes de la agencia de viajes que hemos contratado <strong><a href=\"https:\/\/umrah.es\/es\/\">-Rihab Travel S.L-<\/a><\/strong> esper\u00e1ndonos con dulces \u00e1rabes y t\u00e9 Marroqu\u00ed.<\/p>\n\n\n\n<figure class=\"wp-block-image size-large\"><img loading=\"lazy\" decoding=\"async\" width=\"1024\" height=\"768\" src=\"https:\/\/umrah.es\/es\/wp-content\/uploads\/2022\/01\/269947324_1969247739910409_3669862985916902077_n-1024x768.jpg\" alt=\"Umrah desde espa\u00f1a\" class=\"wp-image-1706\" srcset=\"https:\/\/umrah.es\/es\/wp-content\/uploads\/2022\/01\/269947324_1969247739910409_3669862985916902077_n-1024x768.jpg 1024w, https:\/\/umrah.es\/es\/wp-content\/uploads\/2022\/01\/269947324_1969247739910409_3669862985916902077_n-600x450.jpg 600w, https:\/\/umrah.es\/es\/wp-content\/uploads\/2022\/01\/269947324_1969247739910409_3669862985916902077_n-768x576.jpg 768w, https:\/\/umrah.es\/es\/wp-content\/uploads\/2022\/01\/269947324_1969247739910409_3669862985916902077_n-1536x1152.jpg 1536w, https:\/\/umrah.es\/es\/wp-content\/uploads\/2022\/01\/269947324_1969247739910409_3669862985916902077_n-1000x750.jpg 1000w, https:\/\/umrah.es\/es\/wp-content\/uploads\/2022\/01\/269947324_1969247739910409_3669862985916902077_n.jpg 2048w\" sizes=\"auto, (max-width: 1024px) 100vw, 1024px\" \/><\/figure>\n\n\n\n<p>Despu\u00e9s de explicarnos como va a ser el viaje, nos han facilitado nuestras tarjetas de identificaci\u00f3n junto con nuestro visado impreso y una mochila de la empresa.<\/p>\n\n\n\n<figure class=\"wp-block-image size-large\"><img loading=\"lazy\" decoding=\"async\" width=\"1024\" height=\"768\" src=\"https:\/\/umrah.es\/es\/wp-content\/uploads\/2022\/01\/269740815_1966198890215294_1912973532958975089_n-1024x768.jpg\" alt=\"Umrah desde espa\u00f1a\" class=\"wp-image-1707\" srcset=\"https:\/\/umrah.es\/es\/wp-content\/uploads\/2022\/01\/269740815_1966198890215294_1912973532958975089_n-1024x768.jpg 1024w, https:\/\/umrah.es\/es\/wp-content\/uploads\/2022\/01\/269740815_1966198890215294_1912973532958975089_n-600x450.jpg 600w, https:\/\/umrah.es\/es\/wp-content\/uploads\/2022\/01\/269740815_1966198890215294_1912973532958975089_n-768x576.jpg 768w, https:\/\/umrah.es\/es\/wp-content\/uploads\/2022\/01\/269740815_1966198890215294_1912973532958975089_n-1536x1152.jpg 1536w, https:\/\/umrah.es\/es\/wp-content\/uploads\/2022\/01\/269740815_1966198890215294_1912973532958975089_n-1000x750.jpg 1000w, https:\/\/umrah.es\/es\/wp-content\/uploads\/2022\/01\/269740815_1966198890215294_1912973532958975089_n.jpg 2048w\" sizes=\"auto, (max-width: 1024px) 100vw, 1024px\" \/><\/figure>\n\n\n\n<p>Nos dirigimos hacia los mostradores de facturaci\u00f3n en grupo para dejar el equipaje, y finalmente subimos al avi\u00f3n, la duraci\u00f3n total del viaje hacia Madina era de unas 7 horas m\u00e1s o menos adem\u00e1s de la escala en Jeddah.<\/p>\n\n\n\n<h2 class=\"wp-block-heading\">Finalmente en Madina<\/h2>\n\n\n\n<p>Os paso los detalles pero cuando salimos del aeropuerto con esta dulce frescura medina fue un gran wow, nuestro Amado Aleyhi Salat wa Salam estuvo muy cerca de nosotros y pronto si Dios quiere, tendremos el privilegio de saludarlo de nuevo con el plus esta vez nuestros hijos a nuestro lado.<\/p>\n\n\n\n<figure class=\"wp-block-image size-large\"><img loading=\"lazy\" decoding=\"async\" width=\"1024\" height=\"683\" src=\"https:\/\/umrah.es\/es\/wp-content\/uploads\/2022\/01\/islamic-holy-mosque-at-madina-1024x683.jpg\" alt=\"\" class=\"wp-image-1708\" srcset=\"https:\/\/umrah.es\/es\/wp-content\/uploads\/2022\/01\/islamic-holy-mosque-at-madina-1024x683.jpg 1024w, https:\/\/umrah.es\/es\/wp-content\/uploads\/2022\/01\/islamic-holy-mosque-at-madina-600x400.jpg 600w, https:\/\/umrah.es\/es\/wp-content\/uploads\/2022\/01\/islamic-holy-mosque-at-madina-768x513.jpg 768w, https:\/\/umrah.es\/es\/wp-content\/uploads\/2022\/01\/islamic-holy-mosque-at-madina-1536x1025.jpg 1536w, https:\/\/umrah.es\/es\/wp-content\/uploads\/2022\/01\/islamic-holy-mosque-at-madina-2048x1367.jpg 2048w, https:\/\/umrah.es\/es\/wp-content\/uploads\/2022\/01\/islamic-holy-mosque-at-madina-1000x667.jpg 1000w, https:\/\/umrah.es\/es\/wp-content\/uploads\/2022\/01\/islamic-holy-mosque-at-madina-66x43.jpg 66w\" sizes=\"auto, (max-width: 1024px) 100vw, 1024px\" \/><\/figure>\n\n\n\n<p>Es viernes y a pesar de nuestra llegada a las 6 am, no hay duda de perderse nuestro \u00fanico jamouha en la Mezquita del Profeta Aleyhi Salat wa Salam.<\/p>\n\n\n\n<p>La prioridad es despertar a los ni\u00f1os que esta vez est\u00e1n muy cansados, ducharlos y saltar en menos de nada, estamos en el camino, los recuerdos vuelven a pesar de m\u00ed con las diferencias.<\/p>\n\n\n\n<p>Estoy impresionado por la afluencia de personas que llegan por todas las puertas, la explanada est\u00e1 completamente ajardinada, nunca hubiera imaginado una multitud tan grande en este momento y lo que m\u00e1s me impresion\u00f3 fuera del contexto de la <strong>Umrah<\/strong> es realmente el n\u00famero de familias con ni\u00f1os.<\/p>\n\n\n\n<p>Sentimos que el <a href=\"https:\/\/es.wikipedia.org\/wiki\/M%C3%A1syid_al-Haram\" target=\"_blank\" rel=\"noreferrer noopener\">Haram<\/a> vive y ese es un sentimiento nuevo.<\/p>\n\n\n\n<p>Somos 3 adultos y mis 2 hijas, la falta de tiempo no nos permiti\u00f3 organizarnos mejor para salir todos juntos pero Hamdullilah logramos colarnos y encontrar un lugar dentro, hago mis 2 rakaates, y escuchamos atentamente a la jutba del viernes.<\/p>\n\n\n\n<p>El rezo del viarnes ha terminado, nos apresuramos a encontrarnos con nuestros &#8220;hombres&#8221; adultos y ni\u00f1os en el hotel, y habiendo perdido el desayuno, nos encontramos con el est\u00f3mago vac\u00edo especialmente los ni\u00f1os.<\/p>\n\n\n\n<p>Trato de buscar una soluci\u00f3n cuando escuchas un golpe en la puerta, mi hermana de coraz\u00f3n aparece con un gran plato lleno de comida Allah y Barek, y que Dios la recompense porque mis hijos no han olvidado este gesto. A veces me dicen, \u00bfrecuerdas que en Medina ten\u00edamos hambre y Al\u00e1 nos envi\u00f3 un plato sin preguntar?<\/p>\n\n\n\n<p>Por supuesto que recuerdo, sin necesidad de explicaciones, entendieron muy bien el significado de la frase &#8220;Allah sabe muy bien lo que piensas&#8221; Hamdullilah.<\/p>\n\n\n\n<h2 class=\"wp-block-heading\">Vida cotidiana con ni\u00f1os en Madina<\/h2>\n\n\n\n<p>Los pr\u00f3ximos d\u00edas en Medina los pasaremos en una dulzura excepcional con horarios de juego en el haram, el grupo de ni\u00f1os est\u00e1 m\u00e1s unido que nunca, comen juntos, se encuentran hacinados en una habitaci\u00f3n.<\/p>\n\n\n\n<figure class=\"wp-block-image size-large\"><img loading=\"lazy\" decoding=\"async\" width=\"1024\" height=\"627\" src=\"https:\/\/umrah.es\/es\/wp-content\/uploads\/2022\/01\/0707-1024x627.jpg\" alt=\"\" class=\"wp-image-1709\" srcset=\"https:\/\/umrah.es\/es\/wp-content\/uploads\/2022\/01\/0707-1024x627.jpg 1024w, https:\/\/umrah.es\/es\/wp-content\/uploads\/2022\/01\/0707-600x367.jpg 600w, https:\/\/umrah.es\/es\/wp-content\/uploads\/2022\/01\/0707-768x470.jpg 768w, https:\/\/umrah.es\/es\/wp-content\/uploads\/2022\/01\/0707-1000x612.jpg 1000w, https:\/\/umrah.es\/es\/wp-content\/uploads\/2022\/01\/0707.jpg 1297w\" sizes=\"auto, (max-width: 1024px) 100vw, 1024px\" \/><\/figure>\n\n\n\n<p>La configuraci\u00f3n de nuestro hotel ha permitido que nuestras habitaciones est\u00e9n en el mismo piso una al lado de la otra y esto ha fortalecido nuestros v\u00ednculos, incluso entre adultos, sentimos cercan\u00eda, nos conocemos desde hace 2\/3 d\u00edas y parece que hemos vivido juntos!<\/p>\n\n\n\n<p>Pero los ni\u00f1os, ser\u00e1 una revelaci\u00f3n, no hay confusi\u00f3n entre ellos, un sentimiento de compartir, sinceridad, es simple que no quieran dejarse el uno al otro as\u00ed que a veces de 3 ni\u00f1os pasamos a 4 o incluso 5 y mucho m\u00e1s.<\/p>\n\n\n\n<p>No m\u00e1s cuesti\u00f3n de ir solos al Haram, ahora es en grupos con muchos ni\u00f1os que iremos, y el baraka de los ni\u00f1os, es realmente real, la comida llega de todos lados, desde el simple caramelo hasta la Surah Baqara que recib\u00ed a trav\u00e9s de un alma ben\u00e9fica.<\/p>\n\n\n\n<p>Para los ni\u00f1os, este viaje ya es un peque\u00f1o para\u00edso en la tierra, un d\u00eda, al regresar al hotel mi abuela me dice que tengo demasiada hambre, creo que ni siquiera tuve tiempo de responder que un hombre, de la nada, saca un gran cart\u00f3n y comienza a repartir peque\u00f1os granos de ma\u00edz soplado, estaba demasiado feliz.<\/p>\n\n\n\n<p>\u00a1Realmente no tenemos la misma noci\u00f3n de hambre!<\/p>\n\n\n\n<p>Esta abundancia apenas comenzaba y estaba a punto de intensificarse en La Meca.<\/p>\n\n\n\n<h2 class=\"wp-block-heading\">Ziyara (visita del profeta 3alayhi salam)<\/h2>\n\n\n\n<p>Por la noche, el objeto de nuestra estancia en Madina se acercaba ya que era el horario que hab\u00edamos elegido para visitar a nuestro profeta Aleyhi Salat wa Salam, no puedo esperar para llevar a mis hijas all\u00ed ya que los ni\u00f1os peque\u00f1os no est\u00e1n permitidos en el lado de las mujeres.<\/p>\n\n\n\n<p>Por razones organizativas, tom\u00e9 mi grande en la 1\u00aa noche, realmente hay mucha gente para una hora tan tard\u00eda y ya nos estamos acercando a este lugar tan deseado, desde la distancia podemos ver el dorado de las puertas donde descansan los mejores de los hombres Aleyhi Salat wa Salam, as\u00ed como sus 2 compa\u00f1eros Abu Bakr y Omar Radiya Allahu Anhoum.<\/p>\n\n\n\n<figure class=\"wp-block-gallery columns-1 is-cropped wp-block-gallery-1 is-layout-flex wp-block-gallery-is-layout-flex\"><ul class=\"blocks-gallery-grid\"><li class=\"blocks-gallery-item\"><figure><img loading=\"lazy\" decoding=\"async\" width=\"800\" height=\"533\" src=\"https:\/\/umrah.es\/es\/wp-content\/uploads\/2022\/01\/5b73151cb12e1.jpg\" alt=\"\" data-id=\"1710\" data-full-url=\"https:\/\/umrah.es\/es\/wp-content\/uploads\/2022\/01\/5b73151cb12e1.jpg\" data-link=\"https:\/\/umrah.es\/es\/?attachment_id=1710\" class=\"wp-image-1710\" srcset=\"https:\/\/umrah.es\/es\/wp-content\/uploads\/2022\/01\/5b73151cb12e1.jpg 800w, https:\/\/umrah.es\/es\/wp-content\/uploads\/2022\/01\/5b73151cb12e1-600x400.jpg 600w, https:\/\/umrah.es\/es\/wp-content\/uploads\/2022\/01\/5b73151cb12e1-768x512.jpg 768w, https:\/\/umrah.es\/es\/wp-content\/uploads\/2022\/01\/5b73151cb12e1-66x43.jpg 66w\" sizes=\"auto, (max-width: 800px) 100vw, 800px\" \/><\/figure><\/li><\/ul><\/figure>\n\n\n\n<p>Gran momento para compartir este encuentro, le dirigimos nuestro saludo, le agradecemos el mensaje que nos transmiti\u00f3 Aleyhi Salat wa Salam y muchas cosas&#8230;<\/p>\n\n\n\n<p>Sobre todo invocamos al Todopoderoso que le da permiso Aleyhi Salat wa Salam para ser un intercesor por nosotros y que podemos encontrarlo Aleyhi Salat wa Salam en el Firdaws Inchallah.<\/p>\n\n\n\n<p>Al d\u00eda siguiente, ser\u00e1 el turno de mi hijo menor para visitar Aleyhi Salat wa Salam, nos quedamos all\u00ed durante horas hasta casi las 3 de la ma\u00f1ana, disfrutando al m\u00e1ximo de estar en su compa\u00f1\u00eda Aleyhi Salat wa Salam.<\/p>\n\n\n\n<p>Tambi\u00e9n es dif\u00edcil explicar a los ni\u00f1os, que \u00e9l est\u00e1 all\u00ed Aleyhi Salt wa Salam y nos escucha &#8230; pero al menos saben que fuimos a ver a Aleyhi Salat wa Salam y est\u00e1n tan impresionados de ver esta c\u00fapula verde frente a ellos, creo que es uno de los grandes momentos tambi\u00e9n para verlo por ellos.<\/p>\n\n\n\n<p>Le pido a Allah Sobhanou wa Taala que aumente el amor que se le da Aleyhi Salat wa Salam y especialmente que lo ancle en los corazones de nuestros hijos InchAllah.<\/p>\n\n\n\n<h2 class=\"wp-block-heading\">Quien dice Madina tambi\u00e9n dice Uhud<\/h2>\n\n\n\n<p>Nuestra escapada a Madina terminar\u00e1 con la visita de Ouhud, un gran momento que me hizo llorar.<\/p>\n\n\n\n<figure class=\"wp-block-image size-large\"><img loading=\"lazy\" decoding=\"async\" width=\"1024\" height=\"423\" src=\"https:\/\/umrah.es\/es\/wp-content\/uploads\/2022\/01\/107-mount-uhud-archers-hill-1024x423.jpg\" alt=\"\" class=\"wp-image-1711\" srcset=\"https:\/\/umrah.es\/es\/wp-content\/uploads\/2022\/01\/107-mount-uhud-archers-hill-1024x423.jpg 1024w, https:\/\/umrah.es\/es\/wp-content\/uploads\/2022\/01\/107-mount-uhud-archers-hill-600x248.jpg 600w, https:\/\/umrah.es\/es\/wp-content\/uploads\/2022\/01\/107-mount-uhud-archers-hill-768x318.jpg 768w, https:\/\/umrah.es\/es\/wp-content\/uploads\/2022\/01\/107-mount-uhud-archers-hill-1536x635.jpg 1536w, https:\/\/umrah.es\/es\/wp-content\/uploads\/2022\/01\/107-mount-uhud-archers-hill-1000x414.jpg 1000w, https:\/\/umrah.es\/es\/wp-content\/uploads\/2022\/01\/107-mount-uhud-archers-hill.jpg 1920w\" sizes=\"auto, (max-width: 1024px) 100vw, 1024px\" \/><\/figure>\n\n\n\n<p>Otros cuentos igualmente fuertes con los compa\u00f1eros ser\u00e1n escuchados por los ni\u00f1os, una conferencia en un lugar m\u00e1s que simb\u00f3lico, solo por eso, vali\u00f3 la pena haber hecho esta umrah con la familia.<\/p>\n\n\n\n<p>Ouhoud, tambi\u00e9n es para m\u00ed una tierra cargada de significado, que tambi\u00e9n nos recuerda nuestras deficiencias, \u00bfd\u00f3nde estamos parados con respecto a nuestro compromiso con nuestra religi\u00f3n en relaci\u00f3n con estos hombres?<\/p>\n\n\n\n<p>Ese d\u00eda, el sol no nos noquea porque llegamos justo despu\u00e9s del Magreb pero creo que no fui el \u00fanico que se ha quedado at\u00f3nito por el peso del compromiso de estos hombres y mujeres con un destino excepcional, nos sentimos realmente peque\u00f1os y la culpa es pesada.<\/p>\n\n\n\n<p>As\u00ed que realmente, le pido sinceramente a Dios que nos gu\u00ede y nos permita tambi\u00e9n validar nuestro compromiso con los medios en nuestra posesi\u00f3n con la religi\u00f3n que ha completado para nosotros&#8230;<\/p>\n\n\n\n<p> <\/p>\n","protected":false},"excerpt":{"rendered":"<p>Umrah desde Espa\u00f1a Umrah desde Espa\u00f1a: Salimos desde Ceuta con nuestras dos hijas hacia Madrid para empezar nuestro maravilloso viaje de umrah desde ah\u00ed ya que la aerol\u00ednea saudita se encuentra solamente en Madrid (Para viajes de Hajj y Umrah), llegamos al aeropuerto Adolfo Su\u00e1rez (Terminal 1 Salidas) y ah\u00ed hemos encontrado a los agentes [&hellip;]<\/p>\n","protected":false},"author":3,"featured_media":1708,"comment_status":"open","ping_status":"closed","sticky":false,"template":"","format":"standard","meta":{"_joinchat":[],"footnotes":""},"categories":[36,37],"tags":[43,46,48,99,98],"class_list":["post-1705","post","type-post","status-publish","format-standard","has-post-thumbnail","hentry","category-blog","category-instructions","tag-hajj-ar","tag-omrah-ar","tag-umrah-ar","tag-umrah-con-ninos","tag-umrah-desde-espana"],"_links":{"self":[{"href":"https:\/\/umrah.es\/es\/wp-json\/wp\/v2\/posts\/1705","targetHints":{"allow":["GET"]}}],"collection":[{"href":"https:\/\/umrah.es\/es\/wp-json\/wp\/v2\/posts"}],"about":[{"href":"https:\/\/umrah.es\/es\/wp-json\/wp\/v2\/types\/post"}],"author":[{"embeddable":true,"href":"https:\/\/umrah.es\/es\/wp-json\/wp\/v2\/users\/3"}],"replies":[{"embeddable":true,"href":"https:\/\/umrah.es\/es\/wp-json\/wp\/v2\/comments?post=1705"}],"version-history":[{"count":2,"href":"https:\/\/umrah.es\/es\/wp-json\/wp\/v2\/posts\/1705\/revisions"}],"predecessor-version":[{"id":1713,"href":"https:\/\/umrah.es\/es\/wp-json\/wp\/v2\/posts\/1705\/revisions\/1713"}],"wp:featuredmedia":[{"embeddable":true,"href":"https:\/\/umrah.es\/es\/wp-json\/wp\/v2\/media\/1708"}],"wp:attachment":[{"href":"https:\/\/umrah.es\/es\/wp-json\/wp\/v2\/media?parent=1705"}],"wp:term":[{"taxonomy":"category","embeddable":true,"href":"https:\/\/umrah.es\/es\/wp-json\/wp\/v2\/categories?post=1705"},{"taxonomy":"post_tag","embeddable":true,"href":"https:\/\/umrah.es\/es\/wp-json\/wp\/v2\/tags?post=1705"}],"curies":[{"name":"wp","href":"https:\/\/api.w.org\/{rel}","templated":true}]}}