{"id":1729,"date":"2022-01-17T21:35:14","date_gmt":"2022-01-17T18:35:14","guid":{"rendered":"http:\/\/umrah.es\/es\/?p=1729"},"modified":"2022-01-17T22:00:48","modified_gmt":"2022-01-17T19:00:48","slug":"fechas-del-hajj-2022","status":"publish","type":"post","link":"https:\/\/umrah.es\/es\/fechas-del-hajj-2022\/","title":{"rendered":"Fechas del Hajj 2022: los d\u00edas imprescindibles para recordar"},"content":{"rendered":"\n<p><br>Si planeas realizar\u00a0<a href=\"https:\/\/umrah.es\/es\/shop\/\">Hajj 2022<\/a>\u00a0inshaAllah (1443H), te ofrezco aqu\u00ed un resumen de <strong>las principales fechas para recordar.<\/strong><\/p>\n\n\n\n<figure class=\"wp-block-image size-large\"><img loading=\"lazy\" decoding=\"async\" width=\"1024\" height=\"576\" src=\"https:\/\/umrah.es\/es\/wp-content\/uploads\/2022\/01\/hajj-2022-1024x576.jpg\" alt=\"hajj 2022\" class=\"wp-image-1730\" srcset=\"https:\/\/umrah.es\/es\/wp-content\/uploads\/2022\/01\/hajj-2022-1024x576.jpg 1024w, https:\/\/umrah.es\/es\/wp-content\/uploads\/2022\/01\/hajj-2022-600x338.jpg 600w, https:\/\/umrah.es\/es\/wp-content\/uploads\/2022\/01\/hajj-2022-768x432.jpg 768w, https:\/\/umrah.es\/es\/wp-content\/uploads\/2022\/01\/hajj-2022-1536x864.jpg 1536w, https:\/\/umrah.es\/es\/wp-content\/uploads\/2022\/01\/hajj-2022-2048x1152.jpg 2048w, https:\/\/umrah.es\/es\/wp-content\/uploads\/2022\/01\/hajj-2022-1000x563.jpg 1000w\" sizes=\"auto, (max-width: 1024px) 100vw, 1024px\" \/><\/figure>\n\n\n\n<p>Como recordatorio, este seguir\u00e1 siendo el a\u00f1o que no debe perderse, ya que <strong>el <a href=\"https:\/\/en.wikipedia.org\/wiki\/Hajj\" target=\"_blank\" rel=\"noreferrer noopener\">Hajj<\/a> tendr\u00e1 lugar durante las vacaciones de verano<\/strong> (todo el mes de julio). <\/p>\n\n\n\n<p>Padres que no pueden tener a sus hijos cuidados en medio del a\u00f1o escolar, personal escolar, personas con vacaciones impuestas en julio, este sigue siendo su a\u00f1o&#8230;<\/p>\n\n\n\n<h2 class=\"wp-block-heading\">Las principales fechas para recordar del Hajj 2022<\/h2>\n\n\n\n<figure class=\"wp-block-image size-large\"><img loading=\"lazy\" decoding=\"async\" width=\"1024\" height=\"683\" src=\"https:\/\/umrah.es\/es\/wp-content\/uploads\/2022\/01\/6372140-1-1024x683.jpg\" alt=\"\" class=\"wp-image-1731\" srcset=\"https:\/\/umrah.es\/es\/wp-content\/uploads\/2022\/01\/6372140-1-1024x683.jpg 1024w, https:\/\/umrah.es\/es\/wp-content\/uploads\/2022\/01\/6372140-1-600x400.jpg 600w, https:\/\/umrah.es\/es\/wp-content\/uploads\/2022\/01\/6372140-1-768x512.jpg 768w, https:\/\/umrah.es\/es\/wp-content\/uploads\/2022\/01\/6372140-1-1536x1024.jpg 1536w, https:\/\/umrah.es\/es\/wp-content\/uploads\/2022\/01\/6372140-1-2048x1365.jpg 2048w, https:\/\/umrah.es\/es\/wp-content\/uploads\/2022\/01\/6372140-1-1000x667.jpg 1000w, https:\/\/umrah.es\/es\/wp-content\/uploads\/2022\/01\/6372140-1-66x43.jpg 66w\" sizes=\"auto, (max-width: 1024px) 100vw, 1024px\" \/><\/figure>\n\n\n\n<h4 class=\"wp-block-heading\"><span class=\"has-inline-color has-vivid-cyan-blue-color\">1\u00ba Dhoul Hijja 1443 ser\u00e1 el 1 de julio de 2022<\/span><\/h4>\n\n\n\n<h4 class=\"wp-block-heading\"><span class=\"has-inline-color has-vivid-cyan-blue-color\">El comienzo del Hajj (salida hacia Mina) el 8 De Dhul Hijja: 08 de julio<\/span><\/h4>\n\n\n\n<h4 class=\"wp-block-heading\"><span class=\"has-inline-color has-vivid-cyan-blue-color\">El d\u00eda de Arafa el 9 de Dhul Hijja: 09 de julio<\/span><\/h4>\n\n\n\n<h4 class=\"wp-block-heading\"><span class=\"has-inline-color has-vivid-cyan-blue-color\">El d\u00eda de Eid El Kebir el 10 de Dhul Hijja: 10 de julio<\/span><\/h4>\n\n\n\n<h4 class=\"wp-block-heading\"><span class=\"has-inline-color has-vivid-cyan-blue-color\">Los 3 d\u00edas de Mina: 11, 12 y 13 Dhul Hijja: 11, 12 y 13 de julio<\/span><\/h4>\n\n\n\n<p>Solo ser\u00e1 necesario recordar que estas son fechas aproximadas a +\/- 2 d\u00edas debido al cambio del calendario hegiri (calendario lunar).<\/p>\n\n\n\n<p>Si tienes la intenci\u00f3n de ir al Hajj 2022, tengo un primer consejo que darte, reg\u00edstrate lo antes posible!<\/p>\n","protected":false},"excerpt":{"rendered":"<p>Si planeas realizar\u00a0Hajj 2022\u00a0inshaAllah (1443H), te ofrezco aqu\u00ed un resumen de las principales fechas para recordar. Como recordatorio, este seguir\u00e1 siendo el a\u00f1o que no debe perderse, ya que el Hajj tendr\u00e1 lugar durante las vacaciones de verano (todo el mes de julio). Padres que no pueden tener a sus hijos cuidados en medio del [&hellip;]<\/p>\n","protected":false},"author":3,"featured_media":1732,"comment_status":"open","ping_status":"closed","sticky":false,"template":"","format":"standard","meta":{"_joinchat":[],"footnotes":""},"categories":[36],"tags":[42,43,106,110,108,109,107],"class_list":["post-1729","post","type-post","status-publish","format-standard","has-post-thumbnail","hentry","category-blog","tag-haj-ar","tag-hajj-ar","tag-hajj-2022","tag-hajj-barcelona","tag-hajj-desde-espana","tag-hajj-madrid","tag-hayy"],"_links":{"self":[{"href":"https:\/\/umrah.es\/es\/wp-json\/wp\/v2\/posts\/1729","targetHints":{"allow":["GET"]}}],"collection":[{"href":"https:\/\/umrah.es\/es\/wp-json\/wp\/v2\/posts"}],"about":[{"href":"https:\/\/umrah.es\/es\/wp-json\/wp\/v2\/types\/post"}],"author":[{"embeddable":true,"href":"https:\/\/umrah.es\/es\/wp-json\/wp\/v2\/users\/3"}],"replies":[{"embeddable":true,"href":"https:\/\/umrah.es\/es\/wp-json\/wp\/v2\/comments?post=1729"}],"version-history":[{"count":3,"href":"https:\/\/umrah.es\/es\/wp-json\/wp\/v2\/posts\/1729\/revisions"}],"predecessor-version":[{"id":1736,"href":"https:\/\/umrah.es\/es\/wp-json\/wp\/v2\/posts\/1729\/revisions\/1736"}],"wp:featuredmedia":[{"embeddable":true,"href":"https:\/\/umrah.es\/es\/wp-json\/wp\/v2\/media\/1732"}],"wp:attachment":[{"href":"https:\/\/umrah.es\/es\/wp-json\/wp\/v2\/media?parent=1729"}],"wp:term":[{"taxonomy":"category","embeddable":true,"href":"https:\/\/umrah.es\/es\/wp-json\/wp\/v2\/categories?post=1729"},{"taxonomy":"post_tag","embeddable":true,"href":"https:\/\/umrah.es\/es\/wp-json\/wp\/v2\/tags?post=1729"}],"curies":[{"name":"wp","href":"https:\/\/api.w.org\/{rel}","templated":true}]}}